{"id":11224,"date":"2025-04-30T08:04:08","date_gmt":"2025-04-30T06:04:08","guid":{"rendered":"https:\/\/unmz.gov.cz\/?p=11224"},"modified":"2025-04-30T10:33:12","modified_gmt":"2025-04-30T08:33:12","slug":"1-session-of-the-czech-pakistani-intergovernmental-mixed-committee-on-economic-cooperation","status":"publish","type":"post","link":"https:\/\/unmz.gov.cz\/en\/1-zasedani-cesko-pakistanske-mezivladni-smisene-komise-pro-hospodarskou-spolupraci\/","title":{"rendered":"1st meeting of the Czech-Pakistan Joint Commission for Economic Cooperation"},"content":{"rendered":"<p>On 28 - 29 April, representatives of the Ministry of Foreign Affairs supported mutual cooperation between the two countries in the areas of their competence within the Czech delegation led by David M\u00fcller, Chief Director of the EU and Foreign Trade Section of the MIT. During the meeting at the Ministry of Science, possible areas of mutual cooperation for improving trade and developing further economic relations between the two countries were presented.<\/p>","protected":false},"excerpt":{"rendered":"<p>Ve dnech 28. - 29. dubna z\u00e1stupci \u00daNMZ v r\u00e1mci 1.zased\u00e1n\u00ed \u010cesko-p\u00e1kist\u00e1nsk\u00e9 sm\u00ed\u0161en\u00e9 komise pro hospod\u00e1\u0159skou spolupr\u00e1ci v Isl\u00e1m\u00e1b\u00e1du podpo\u0159ili vz\u00e1jemnou spolupr\u00e1ci obou zem\u00ed v oblastech sv\u00e9 p\u016fsobnosti v r\u00e1mci \u010desk\u00e9 delegace veden\u00e9 vrchn\u00edm \u0159editelem sekce EU a zahrani\u010dn\u00edho obchodu MPO Davidem M\u00fcllerem. P\u0159i jedn\u00e1n\u00ed na Ministerstvu v\u011bdy byly prezentov\u00e1ny mo\u017en\u00e9 oblasti vz\u00e1jemn\u00e9 spolupr\u00e1ce pro [&hellip;]<\/p>\n","protected":false},"author":22,"featured_media":11229,"comment_status":"closed","ping_status":"closed","sticky":false,"template":"","format":"standard","meta":{"_acf_changed":false,"_seopress_robots_primary_cat":"none","_seopress_titles_title":"","_seopress_titles_desc":"","_seopress_robots_index":"","_lmt_disableupdate":"no","_lmt_disable":"","footnotes":""},"categories":[2,57,68],"tags":[],"class_list":["post-11224","post","type-post","status-publish","format-standard","has-post-thumbnail","hentry","category-aktuality","category-aktuality-mezinarodni","category-news"],"acf":[],"modified_by":"V\u011bra H\u00e1tlov\u00e1 Chaloupeck\u00e1","_links":{"self":[{"href":"https:\/\/unmz.gov.cz\/en\/wp-json\/wp\/v2\/posts\/11224","targetHints":{"allow":["GET"]}}],"collection":[{"href":"https:\/\/unmz.gov.cz\/en\/wp-json\/wp\/v2\/posts"}],"about":[{"href":"https:\/\/unmz.gov.cz\/en\/wp-json\/wp\/v2\/types\/post"}],"author":[{"embeddable":true,"href":"https:\/\/unmz.gov.cz\/en\/wp-json\/wp\/v2\/users\/22"}],"replies":[{"embeddable":true,"href":"https:\/\/unmz.gov.cz\/en\/wp-json\/wp\/v2\/comments?post=11224"}],"version-history":[{"count":3,"href":"https:\/\/unmz.gov.cz\/en\/wp-json\/wp\/v2\/posts\/11224\/revisions"}],"predecessor-version":[{"id":11233,"href":"https:\/\/unmz.gov.cz\/en\/wp-json\/wp\/v2\/posts\/11224\/revisions\/11233"}],"wp:featuredmedia":[{"embeddable":true,"href":"https:\/\/unmz.gov.cz\/en\/wp-json\/wp\/v2\/media\/11229"}],"wp:attachment":[{"href":"https:\/\/unmz.gov.cz\/en\/wp-json\/wp\/v2\/media?parent=11224"}],"wp:term":[{"taxonomy":"category","embeddable":true,"href":"https:\/\/unmz.gov.cz\/en\/wp-json\/wp\/v2\/categories?post=11224"},{"taxonomy":"post_tag","embeddable":true,"href":"https:\/\/unmz.gov.cz\/en\/wp-json\/wp\/v2\/tags?post=11224"}],"curies":[{"name":"wp","href":"https:\/\/api.w.org\/{rel}","templated":true}]}}