{"id":12582,"date":"2026-04-28T15:25:53","date_gmt":"2026-04-28T13:25:53","guid":{"rendered":"https:\/\/unmz.gov.cz\/?p=12582"},"modified":"2026-04-28T15:26:58","modified_gmt":"2026-04-28T13:26:58","slug":"den-unmz-a-cas","status":"publish","type":"post","link":"https:\/\/unmz.gov.cz\/en\/den-unmz-a-cas\/","title":{"rendered":"Den \u00daNMZ a \u010cAS"},"content":{"rendered":"<p><strong>Den \u00daNMZ a \u010cAS <\/strong><\/p>\n<p>\u00da\u0159ad pro technickou normalizaci, metrologii a st\u00e1tn\u00ed zku\u0161ebnictv\u00ed a \u010cesk\u00e1 agentura pro standardizaci v\u00e1s zvou na odbornou konferenci <strong>\u201eDen \u00daNMZ a \u010cAS\u201c<\/strong>, kter\u00e1 se uskute\u010dn\u00ed dne <strong>12. kv\u011btna 2026 <\/strong>v\u00a0prostor\u00e1ch<strong> WPP\u00a0Campus v\u00a0pra\u017esk\u00fdch Hole\u0161ovic\u00edch<\/strong>.<\/p>\n<p>Konference nab\u00eddne zaj\u00edmav\u00fd program a diskuse k aktu\u00e1ln\u00edm t\u00e9mat\u016fm, kter\u00e1 ovliv\u0148uj\u00ed nejen oblast standardizace, metrologie a st\u00e1tn\u00edho zku\u0161ebnictv\u00ed, ale i \u0161ir\u0161\u00ed spole\u010densk\u00e9 d\u011bn\u00ed.<\/p>\n<p><strong>T\u00e9mata panelov\u00fdch diskuz\u00ed<\/strong><\/p>\n<ul>\n<li>Chytr\u00e1 m\u011bsta \u2013 inteligentn\u00ed m\u011b\u0159en\u00ed<br \/>\n(projekty chytr\u00fdch m\u011bst, chytr\u00e1 energetika, elektromobilita a jej\u00ed bezpe\u010dnost, senzorov\u00e9 s\u00edt\u011b)<\/li>\n<li>Kybernetick\u00e1 bezpe\u010dnost dat a prvk\u016f infrastruktury<br \/>\n(legislativn\u00ed r\u00e1mec, vznik TNK, vyu\u017eit\u00ed AI pro podporu kybernetick\u00e9 bezpe\u010dnosti)<\/li>\n<li>BIM \u2013 co n\u00e1s \u010dek\u00e1<br \/>\n(z\u00e1kon o spr\u00e1v\u011b informac\u00ed o stavb\u011b a vystav\u011bn\u00e9m prost\u0159ed\u00ed a o zm\u011bn\u011b n\u011bkter\u00fdch dal\u0161\u00edch z\u00e1kon\u016f, datov\u00fd standard stavby)<\/li>\n<\/ul>\n<p><strong>Registrace<\/strong><\/p>\n<p>V p\u0159\u00edpad\u011b z\u00e1jmu o \u00fa\u010dast za\u0161lete sv\u00e9 jm\u00e9no, p\u0159\u00edjmen\u00ed, e-mail a n\u00e1zev organizace na adresu <strong><a href=\"mailto:office@unmz-cas.cz\">office@unmz-cas.cz<\/a><\/strong>, a to nejpozd\u011bji do <strong>4. kv\u011btna 2026 do 12:00 hod.<\/strong><\/p>\n<p>Kapacita s\u00e1lu je omezen\u00e1.<\/p>\n<p>T\u011b\u0161\u00edme se na setk\u00e1n\u00ed s v\u00e1mi.<\/p>\n<p>&nbsp;<\/p>\n<p>&nbsp;<\/p>","protected":false},"excerpt":{"rendered":"<p>Den \u00daNMZ a \u010cAS \u00da\u0159ad pro technickou normalizaci, metrologii a st\u00e1tn\u00ed zku\u0161ebnictv\u00ed a \u010cesk\u00e1 agentura pro standardizaci v\u00e1s zvou na odbornou konferenci \u201eDen \u00daNMZ a \u010cAS\u201c, kter\u00e1 se uskute\u010dn\u00ed dne 12. kv\u011btna 2026 v\u00a0prostor\u00e1ch WPP\u00a0Campus v\u00a0pra\u017esk\u00fdch Hole\u0161ovic\u00edch. Konference nab\u00eddne zaj\u00edmav\u00fd program a diskuse k aktu\u00e1ln\u00edm t\u00e9mat\u016fm, kter\u00e1 ovliv\u0148uj\u00ed nejen oblast standardizace, metrologie a st\u00e1tn\u00edho zku\u0161ebnictv\u00ed, [&hellip;]<\/p>\n","protected":false},"author":4,"featured_media":12585,"comment_status":"closed","ping_status":"closed","sticky":false,"template":"","format":"standard","meta":{"_acf_changed":false,"_seopress_robots_primary_cat":"none","_seopress_titles_title":"","_seopress_titles_desc":"","_seopress_robots_index":"","_lmt_disableupdate":"no","_lmt_disable":"","footnotes":""},"categories":[2],"tags":[],"class_list":["post-12582","post","type-post","status-publish","format-standard","has-post-thumbnail","hentry","category-aktuality"],"acf":[],"modified_by":"Patrik Vagel","_links":{"self":[{"href":"https:\/\/unmz.gov.cz\/en\/wp-json\/wp\/v2\/posts\/12582","targetHints":{"allow":["GET"]}}],"collection":[{"href":"https:\/\/unmz.gov.cz\/en\/wp-json\/wp\/v2\/posts"}],"about":[{"href":"https:\/\/unmz.gov.cz\/en\/wp-json\/wp\/v2\/types\/post"}],"author":[{"embeddable":true,"href":"https:\/\/unmz.gov.cz\/en\/wp-json\/wp\/v2\/users\/4"}],"replies":[{"embeddable":true,"href":"https:\/\/unmz.gov.cz\/en\/wp-json\/wp\/v2\/comments?post=12582"}],"version-history":[{"count":2,"href":"https:\/\/unmz.gov.cz\/en\/wp-json\/wp\/v2\/posts\/12582\/revisions"}],"predecessor-version":[{"id":12587,"href":"https:\/\/unmz.gov.cz\/en\/wp-json\/wp\/v2\/posts\/12582\/revisions\/12587"}],"wp:featuredmedia":[{"embeddable":true,"href":"https:\/\/unmz.gov.cz\/en\/wp-json\/wp\/v2\/media\/12585"}],"wp:attachment":[{"href":"https:\/\/unmz.gov.cz\/en\/wp-json\/wp\/v2\/media?parent=12582"}],"wp:term":[{"taxonomy":"category","embeddable":true,"href":"https:\/\/unmz.gov.cz\/en\/wp-json\/wp\/v2\/categories?post=12582"},{"taxonomy":"post_tag","embeddable":true,"href":"https:\/\/unmz.gov.cz\/en\/wp-json\/wp\/v2\/tags?post=12582"}],"curies":[{"name":"wp","href":"https:\/\/api.w.org\/{rel}","templated":true}]}}